{"id":214,"date":"2011-12-05T13:23:18","date_gmt":"2011-12-05T16:23:18","guid":{"rendered":"https:\/\/pu2kaz.qsl.br\/?p=214"},"modified":"2023-09-17T12:41:49","modified_gmt":"2023-09-17T15:41:49","slug":"apresentacao-do-rodrigo","status":"publish","type":"post","link":"https:\/\/www.pu2kaz.qsl.br\/?p=214","title":{"rendered":"Apresenta\u00e7\u00e3o do Rodrigo"},"content":{"rendered":"<p>2011<\/p>\n\n\n<figure class=\"wp-block-embed is-type-video is-provider-youtube wp-block-embed-youtube wp-embed-aspect-16-9 wp-has-aspect-ratio\"><div class=\"wp-block-embed__wrapper\">\n<iframe loading=\"lazy\" title=\"Apresenta\u00e7\u00e3o 2011 Rodrigo\" width=\"500\" height=\"281\" src=\"https:\/\/www.youtube.com\/embed\/CIPvNHhoiTs?feature=oembed\" frameborder=\"0\" allow=\"accelerometer; autoplay; clipboard-write; encrypted-media; gyroscope; picture-in-picture; web-share\" referrerpolicy=\"strict-origin-when-cross-origin\" allowfullscreen><\/iframe>\n<\/div><\/figure>\n\n\n\n<p>Rodrigo e Lucas Flauta<\/p>\n\n\n\n<figure class=\"wp-block-embed is-type-video is-provider-youtube wp-block-embed-youtube wp-embed-aspect-16-9 wp-has-aspect-ratio\"><div class=\"wp-block-embed__wrapper\">\n<iframe loading=\"lazy\" title=\"RODRIGO E LUCAS NA FLAUTA - M\u00daSICA ANA JULIA\" width=\"500\" height=\"281\" src=\"https:\/\/www.youtube.com\/embed\/ajfJEKlQASg?feature=oembed\" frameborder=\"0\" allow=\"accelerometer; autoplay; clipboard-write; encrypted-media; gyroscope; picture-in-picture; web-share\" referrerpolicy=\"strict-origin-when-cross-origin\" allowfullscreen><\/iframe>\n<\/div><\/figure>\n\n\n\n<p>Rodrigo California Dreams<\/p>\n\n\n\n<figure class=\"wp-block-embed is-type-video is-provider-youtube wp-block-embed-youtube wp-embed-aspect-16-9 wp-has-aspect-ratio\"><div class=\"wp-block-embed__wrapper\">\n<iframe loading=\"lazy\" title=\"RODRIGO NO TECLADO - MUSICA CALIFORNIA DREAMS\" width=\"500\" height=\"281\" src=\"https:\/\/www.youtube.com\/embed\/UCw6YLNdxlQ?feature=oembed\" frameborder=\"0\" allow=\"accelerometer; autoplay; clipboard-write; encrypted-media; gyroscope; picture-in-picture; web-share\" referrerpolicy=\"strict-origin-when-cross-origin\" allowfullscreen><\/iframe>\n<\/div><\/figure>\n\n\n\n<p>Rodrigo 2012 &#8211; Escola Art Movimento<\/p>\n\n\n\n<p><a href=\"https:\/\/www.youtube.com\/watch?v=2xykkXj0tws\">https:\/\/www.youtube.com\/watch?v=2xykkXj0tws<\/a><\/p>\n\n\n\n<p>Rodrigo 2013<\/p>\n\n\n\n<figure class=\"wp-block-embed is-type-video is-provider-youtube wp-block-embed-youtube wp-embed-aspect-16-9 wp-has-aspect-ratio\"><div class=\"wp-block-embed__wrapper\">\n<iframe loading=\"lazy\" title=\"Californication by Rodrigo Ferrreira\" width=\"500\" height=\"281\" src=\"https:\/\/www.youtube.com\/embed\/YalkiPYiXNw?feature=oembed\" frameborder=\"0\" allow=\"accelerometer; autoplay; clipboard-write; encrypted-media; gyroscope; picture-in-picture; web-share\" referrerpolicy=\"strict-origin-when-cross-origin\" allowfullscreen><\/iframe>\n<\/div><\/figure>\n\n\n\n<p>Rafael 2013<\/p>\n\n\n\n<figure class=\"wp-block-embed is-type-video is-provider-youtube wp-block-embed-youtube wp-embed-aspect-16-9 wp-has-aspect-ratio\"><div class=\"wp-block-embed__wrapper\">\n<iframe loading=\"lazy\" title=\"Under the bridge - Rafael Ferreira\" width=\"500\" height=\"281\" src=\"https:\/\/www.youtube.com\/embed\/WxF_x8-fcR4?feature=oembed\" frameborder=\"0\" allow=\"accelerometer; autoplay; clipboard-write; encrypted-media; gyroscope; picture-in-picture; web-share\" referrerpolicy=\"strict-origin-when-cross-origin\" allowfullscreen><\/iframe>\n<\/div><\/figure>\n\n\n\n<p>Lucas Viol\u00e3o<\/p>\n\n\n\n<figure class=\"wp-block-embed is-type-video is-provider-youtube wp-block-embed-youtube wp-embed-aspect-16-9 wp-has-aspect-ratio\"><div class=\"wp-block-embed__wrapper\">\n<iframe loading=\"lazy\" title=\"Lucas no Viol\u00e3o\" width=\"500\" height=\"281\" src=\"https:\/\/www.youtube.com\/embed\/MaXDpHvrrDs?feature=oembed\" frameborder=\"0\" allow=\"accelerometer; autoplay; clipboard-write; encrypted-media; gyroscope; picture-in-picture; web-share\" referrerpolicy=\"strict-origin-when-cross-origin\" allowfullscreen><\/iframe>\n<\/div><\/figure>\n\n\n\n<p>Rodrigo &#8211; The Fine of Countdown<\/p>\n\n\n\n<figure class=\"wp-block-embed is-type-video is-provider-youtube wp-block-embed-youtube wp-embed-aspect-16-9 wp-has-aspect-ratio\"><div class=\"wp-block-embed__wrapper\">\n<iframe loading=\"lazy\" title=\"The Fine of Countdown\" width=\"500\" height=\"281\" src=\"https:\/\/www.youtube.com\/embed\/V9IFd1lZKcw?feature=oembed\" frameborder=\"0\" allow=\"accelerometer; autoplay; clipboard-write; encrypted-media; gyroscope; picture-in-picture; web-share\" referrerpolicy=\"strict-origin-when-cross-origin\" allowfullscreen><\/iframe>\n<\/div><\/figure>\n\n\n\n<p>Rafael &#8211; Apresenta\u00e7\u00e3o Fear of the Dark<\/p>\n\n\n\n<figure class=\"wp-block-embed is-type-video is-provider-youtube wp-block-embed-youtube wp-embed-aspect-16-9 wp-has-aspect-ratio\"><div class=\"wp-block-embed__wrapper\">\n<iframe loading=\"lazy\" title=\"Apresenta\u00e7\u00e3o Escola - Rafael - Cover Fear of the Dark\" width=\"500\" height=\"281\" src=\"https:\/\/www.youtube.com\/embed\/GgMrQ1ljoPc?feature=oembed\" frameborder=\"0\" allow=\"accelerometer; autoplay; clipboard-write; encrypted-media; gyroscope; picture-in-picture; web-share\" referrerpolicy=\"strict-origin-when-cross-origin\" allowfullscreen><\/iframe>\n<\/div><\/figure>\n\n\n\n<p>Rodrigo Apresenta\u00e7\u00e3o<\/p>\n\n\n\n<figure class=\"wp-block-embed is-type-video is-provider-youtube wp-block-embed-youtube wp-embed-aspect-16-9 wp-has-aspect-ratio\"><div class=\"wp-block-embed__wrapper\">\n<iframe loading=\"lazy\" title=\"Rodrigo Apresenta\u00e7\u00e3o - Teclado - Abba - Dance Queen\" width=\"500\" height=\"281\" src=\"https:\/\/www.youtube.com\/embed\/obo7STBPFzM?feature=oembed\" frameborder=\"0\" allow=\"accelerometer; autoplay; clipboard-write; encrypted-media; gyroscope; picture-in-picture; web-share\" referrerpolicy=\"strict-origin-when-cross-origin\" allowfullscreen><\/iframe>\n<\/div><\/figure>\n","protected":false},"excerpt":{"rendered":"<p>2011 Rodrigo e Lucas Flauta Rodrigo California Dreams Rodrigo 2012 &#8211; Escola Art Movimento https:\/\/www.youtube.com\/watch?v=2xykkXj0tws Rodrigo 2013 Rafael 2013 Lucas Viol\u00e3o Rodrigo &#8211; The Fine of Countdown Rafael &#8211; Apresenta\u00e7\u00e3o Fear of the Dark Rodrigo Apresenta\u00e7\u00e3o<\/p>\n","protected":false},"author":1,"featured_media":0,"comment_status":"closed","ping_status":"open","sticky":false,"template":"","format":"standard","meta":{"footnotes":""},"categories":[38],"tags":[],"class_list":["post-214","post","type-post","status-publish","format-standard","hentry","category-interessantes"],"_links":{"self":[{"href":"https:\/\/www.pu2kaz.qsl.br\/index.php?rest_route=\/wp\/v2\/posts\/214","targetHints":{"allow":["GET"]}}],"collection":[{"href":"https:\/\/www.pu2kaz.qsl.br\/index.php?rest_route=\/wp\/v2\/posts"}],"about":[{"href":"https:\/\/www.pu2kaz.qsl.br\/index.php?rest_route=\/wp\/v2\/types\/post"}],"author":[{"embeddable":true,"href":"https:\/\/www.pu2kaz.qsl.br\/index.php?rest_route=\/wp\/v2\/users\/1"}],"replies":[{"embeddable":true,"href":"https:\/\/www.pu2kaz.qsl.br\/index.php?rest_route=%2Fwp%2Fv2%2Fcomments&post=214"}],"version-history":[{"count":1,"href":"https:\/\/www.pu2kaz.qsl.br\/index.php?rest_route=\/wp\/v2\/posts\/214\/revisions"}],"predecessor-version":[{"id":534,"href":"https:\/\/www.pu2kaz.qsl.br\/index.php?rest_route=\/wp\/v2\/posts\/214\/revisions\/534"}],"wp:attachment":[{"href":"https:\/\/www.pu2kaz.qsl.br\/index.php?rest_route=%2Fwp%2Fv2%2Fmedia&parent=214"}],"wp:term":[{"taxonomy":"category","embeddable":true,"href":"https:\/\/www.pu2kaz.qsl.br\/index.php?rest_route=%2Fwp%2Fv2%2Fcategories&post=214"},{"taxonomy":"post_tag","embeddable":true,"href":"https:\/\/www.pu2kaz.qsl.br\/index.php?rest_route=%2Fwp%2Fv2%2Ftags&post=214"}],"curies":[{"name":"wp","href":"https:\/\/api.w.org\/{rel}","templated":true}]}}